{"id":3428,"date":"2022-06-19T14:33:38","date_gmt":"2022-06-19T12:33:38","guid":{"rendered":"https:\/\/www.ski-freunde-kuppenheim.de\/wp\/?p=3428"},"modified":"2023-07-31T11:31:29","modified_gmt":"2023-07-31T09:31:29","slug":"saisonauftakt-22-23-in-soelden","status":"publish","type":"post","link":"https:\/\/www.ski-freunde-kuppenheim.de\/wp\/2022\/06\/19\/saisonauftakt-22-23-in-soelden\/","title":{"rendered":"Saisonauftakt 23\/24 in S\u00f6lden"},"content":{"rendered":"\n<p>Ab sofort ist die Anmeldung f\u00fcr unseren traditionellen Saisonauftakt in den Herbstferien in S\u00f6lden m\u00f6glich. Es gibt in diesem Jahr eine Neuerung bei der Anmeldung durch den Fr\u00fchbucherrabatt der Bergbahnen. Alles Infos gibt es <a href=\"https:\/\/www.ski-freunde-kuppenheim.de\/wp\/soelden\/\">hier<\/a>.  <\/p>\n","protected":false},"excerpt":{"rendered":"<p>Ab sofort ist die Anmeldung f\u00fcr unseren traditionellen Saisonauftakt in den Herbstferien in S\u00f6lden m\u00f6glich. Es gibt in diesem Jahr eine Neuerung bei der Anmeldung durch den Fr\u00fchbucherrabatt der Bergbahnen. Alles Infos gibt es hier.<\/p>\n","protected":false},"author":4,"featured_media":0,"comment_status":"closed","ping_status":"closed","sticky":false,"template":"","format":"standard","meta":{"ngg_post_thumbnail":0,"footnotes":""},"categories":[1],"tags":[],"class_list":["post-3428","post","type-post","status-publish","format-standard","hentry","category-allgemein"],"_links":{"self":[{"href":"https:\/\/www.ski-freunde-kuppenheim.de\/wp\/wp-json\/wp\/v2\/posts\/3428","targetHints":{"allow":["GET"]}}],"collection":[{"href":"https:\/\/www.ski-freunde-kuppenheim.de\/wp\/wp-json\/wp\/v2\/posts"}],"about":[{"href":"https:\/\/www.ski-freunde-kuppenheim.de\/wp\/wp-json\/wp\/v2\/types\/post"}],"author":[{"embeddable":true,"href":"https:\/\/www.ski-freunde-kuppenheim.de\/wp\/wp-json\/wp\/v2\/users\/4"}],"replies":[{"embeddable":true,"href":"https:\/\/www.ski-freunde-kuppenheim.de\/wp\/wp-json\/wp\/v2\/comments?post=3428"}],"version-history":[{"count":2,"href":"https:\/\/www.ski-freunde-kuppenheim.de\/wp\/wp-json\/wp\/v2\/posts\/3428\/revisions"}],"predecessor-version":[{"id":4175,"href":"https:\/\/www.ski-freunde-kuppenheim.de\/wp\/wp-json\/wp\/v2\/posts\/3428\/revisions\/4175"}],"wp:attachment":[{"href":"https:\/\/www.ski-freunde-kuppenheim.de\/wp\/wp-json\/wp\/v2\/media?parent=3428"}],"wp:term":[{"taxonomy":"category","embeddable":true,"href":"https:\/\/www.ski-freunde-kuppenheim.de\/wp\/wp-json\/wp\/v2\/categories?post=3428"},{"taxonomy":"post_tag","embeddable":true,"href":"https:\/\/www.ski-freunde-kuppenheim.de\/wp\/wp-json\/wp\/v2\/tags?post=3428"}],"curies":[{"name":"wp","href":"https:\/\/api.w.org\/{rel}","templated":true}]}}